{"id":470,"date":"2025-11-30T12:04:46","date_gmt":"2025-11-30T11:04:46","guid":{"rendered":"https:\/\/tamasvarga.hu\/?p=470"},"modified":"2025-11-30T12:04:46","modified_gmt":"2025-11-30T11:04:46","slug":"afra-janos-serulekeny-testek-felszabaditott-targyak-fotomuveszet-2021-2","status":"publish","type":"post","link":"https:\/\/tamasvarga.hu\/?p=470","title":{"rendered":"\u00c1fra J\u00e1nos: S\u00e9r\u00fcl\u00e9keny testek, felszabad\u00edtott t\u00e1rgyak \/ Fot\u00f3m\u0171v\u00e9szet 2021\/2"},"content":{"rendered":"\n<p><strong>Civilben orvosk\u00e9nt, gyerekpszichi\u00e1terk\u00e9nt dolgozol. Mennyire \u00e9rzed ennek a term\u00e9keny\u00edt\u0151 hat\u00e1s\u00e1t a fotogr\u00e1fiai praxisodban? K\u00f6lcs\u00f6nhat\u00e1sban van vagy ink\u00e1bb komplementer viszonyban eg\u00e9sz\u00edti ki egym\u00e1st az \u00e9letedben ez a k\u00e9t hivat\u00e1s?<\/strong><\/p>\n\n\n\n<p>Nem szeretem keverni a k\u00e9t dolgot, s\u0151t, igyekszem elv\u00e1lasztani. Tagadhatatlan azonban, hogy a pszichol\u00f3gi\u00e1hoz val\u00f3 vonz\u00f3d\u00e1som meghat\u00e1roz\u00f3 a fotogr\u00e1fiai munk\u00e1imban. Ez sokszor tetten \u00e9rhet\u0151 a t\u00e9mav\u00e1laszt\u00e1sban, a projektjeim koncepci\u00f3j\u00e1ban \u00e9s tal\u00e1n valamif\u00e9le t\u00f6bblet\u00e9rz\u00e9kenys\u00e9get is jelent. Gyermekkorom \u00f3ta \u00e9rdekelt a pszichol\u00f3gia \u00e9s a vizualit\u00e1s. Rengeteg filmet n\u00e9ztem, \u00e9s kifejezetten kedveltem azokat a filmeseket, akiknek a munk\u00e1iban a k\u00e9pz\u0151m\u0171v\u00e9szetnek \u00e9s a pszichol\u00f3gi\u00e1nak jelent\u0151s szerep jutott, mint mondjuk Tarkovszkij, Greenaway vagy Kubrick eset\u00e9n. K\u00e9s\u0151bb \u00edrtam is n\u00e9h\u00e1ny cikket, illetve tartottam el\u0151ad\u00e1sokat a film \u00e9s pszichol\u00f3giai kapcsolat\u00e1r\u00f3l. Visszatekintve \u00fagy t\u0171nik, sok \u00e9vet \u201eelpazaroltam\u201d. Gyerekkoromb\u00f3l csak a csal\u00e1di k\u00e9pekre \u00e9s n\u00e9mi fot\u00f3szakk\u00f6r\u00f6s labor\u00e1l\u00e1sra eml\u00e9kszem, mert j\u00f3val k\u00e9s\u0151bb, a 30-as \u00e9veimben kezdtem el komolyabban foglalkozni a fotogr\u00e1fi\u00e1val. Nem el\u00e9g\u00edtett ki a filmn\u00e9z\u00e9s, szerettem volna l\u00e9trehozni vizu\u00e1lis dolgokat, viszont akkoriban m\u00e9g a mozg\u00f3filmk\u00e9sz\u00edt\u00e9s szinte el\u00e9rhetetlen volt, maradt az \u00e1ll\u00f3k\u00e9p, amit ma m\u00e1r persze nem b\u00e1nok.<\/p>\n\n\n\n<p>Nagyon hamar r\u00e1j\u00f6ttem, hogy csak \u00fagy lef\u00e9nyk\u00e9pezni egy l\u00e1tv\u00e1nyt semmif\u00e9le izgalmat nem okoz. T\u00f6rekedni kezdtem arra, hogy a k\u00e9peim m\u00e1r a saj\u00e1t \u00e1tsz\u0171rt, \u00e1talak\u00edtott val\u00f3s\u00e1gomat mutass\u00e1k, \u00e9s \u00edgy rem\u00e9lem, megsz\u00f3l\u00edtj\u00e1k a n\u00e9z\u0151t. Bel\u00e9p a k\u00e9pbe a pszichol\u00f3gia, szem\u00e9lyes utakat, asszoci\u00e1ci\u00f3kat ind\u00edt el benn\u00fck. Ebben a t\u00e9m\u00e1ban mindig emlegetni szoktam Rudolf Arnheim szavait: soha senki nem t\u00e1rgyalta \u00fagy a m\u0171v\u00e9szeti alkot\u00e1st vagy a meg\u00e9rt\u00e9s folyamatait, hogy egyszersmind ne besz\u00e9lt volna pszichol\u00f3gi\u00e1r\u00f3l is.&nbsp; A digitaliz\u00e1ci\u00f3val az\u00e9rt visszat\u00e9rt a filmk\u00e9sz\u00edt\u00e9s is az \u00e9letembe, manaps\u00e1g gyakran k\u00e9sz\u00edtek mindenf\u00e9le kisfilmet is.<\/p>\n\n\n\n<p><strong>Debrecenben \u00e9lted le \u00e9leted nagy r\u00e9sz\u00e9t. Mi tartott itt a v\u00e1rosban? Mit l\u00e1tt\u00e1l \u00e9s\/vagy l\u00e1tsz inspir\u00e1l\u00f3nak a helyben?<\/strong><\/p>\n\n\n\n<p>Debrecen k\u00f6zel\u00e9ben sz\u00fclettem, k\u00f6z\u00e9piskol\u00e1s koromt\u00f3l Debrecen az otthonom. El\u00e9g r\u00f6gh\u00f6z k\u00f6t\u00f6tt vagyok, nehezen tudom elk\u00e9pzelni, hogy tart\u00f3san m\u00e1shol \u00e9ljek. Ez val\u00f3sz\u00edn\u0171leg nem a hely var\u00e1zs\u00e1b\u00f3l, hanem a szem\u00e9lyis\u00e9gemb\u0151l fakad. Racion\u00e1lisan n\u00e9zve gyakran \u00fagy \u00e9rzem \u2013 ak\u00e1r csak a kult\u00far\u00e1t, m\u0171v\u00e9szetet figyelem v\u00e9ve \u2013, hogy kis haz\u00e1nk egyp\u00f3lus\u00fa orsz\u00e1g, \u00e9s Budapest innen nem k\u00e9tsz\u00e1zh\u00fasz, hanem t\u00f6bb ezer kilom\u00e9terre van. Engem legink\u00e1bb emberek, gondolatok, besz\u00e9lget\u00e9sek, \u00e9rzelmek inspir\u00e1lnak. A fot\u00f3t\u00f6rt\u00e9netben vagy a kort\u00e1rs m\u0171v\u00e9szetben sz\u00e1momra sok inspir\u00e1l\u00f3 egy\u00e9nis\u00e9g van, kedvenceim Lartigue, Witkin, Atget, Man Ray \u00e9s Sally Mann. A hazaiak k\u00f6z\u00fcl term\u00e9szetesen megker\u00fclhetetlen Kerekes G\u00e1bor, aki az \u00e1ltalam is k\u00e9pviselt m\u0171fajban olyan dolgokat teremtett, amelyek miatt nagyon neh\u00e9z elhagyni a nyomvonal\u00e1t.<\/p>\n\n\n\n<p><strong>A korai, sz\u00ednes k\u00e9peiden sokat k\u00eds\u00e9rletezt\u00e9l a szociofot\u00f3 m\u0171faj\u00e1val, ezeken a \u2013 p\u00e9ld\u00e1ul egy \u00e1tmeneti otthonban k\u00e9sz\u00fclt \u2013 k\u00e9peken mintha nagyobb szerep jutna az olyan helyzeteknek, amelyek a szitu\u00e1ci\u00f3ban megtal\u00e1lt test t\u00f6rt\u00e9net\u00e9r\u0151l mes\u00e9lnek. Mi\u00e9rt mondt\u00e1l le az egyszer\u0171bb technol\u00f3gia k\u00edn\u00e1lta spontaneit\u00e1sr\u00f3l \u00e9s a sz\u00ednekr\u0151l az id\u0151ig\u00e9nyesebb \u00e9s k\u00f6r\u00fclm\u00e9nyesebb elj\u00e1r\u00e1sokkal l\u00e9trehozott, fekete-feh\u00e9r m\u0171vek jav\u00e1ra?<\/strong><\/p>\n\n\n\n<p>Mindig is \u00e9rdekelt a dokumentarizmus, \u00e9s m\u00e1r korai munk\u00e1imban is megjelentek szoci\u00e1lisan \u00e9rz\u00e9keny t\u00e9m\u00e1k. Ezt a vonzalmat er\u0151s\u00edtette meg az is, hogy fotogr\u00e1fiai ir\u00e1ny\u00fa k\u00e9pz\u00e9semet a Stalter Gy\u00f6gy \u00e1ltal f\u00e9mjelzett fot\u00f3s iskol\u00e1ban kaptam. Ezek ut\u00e1n nem meglep\u0151, hogy a szubjet\u00edv dokumentarizmus vagy az ember\u00e1br\u00e1zol\u00e1s m\u00e9g k\u00f6zelebb ker\u00fclt hozz\u00e1m. Ez volt az az id\u0151szak, ami teljesen \u00faj lend\u00fcletet adott. Nem felt\u00e9tlen\u00fcl a konkr\u00e9t gyakorlati tud\u00e1s megszerz\u00e9s\u00e9re gondolok, ink\u00e1bb az ott tan\u00edt\u00f3 mesterek szeml\u00e9letform\u00e1l\u00f3 erej\u00e9re, ami nagy hat\u00e1ssal volt r\u00e1m. Manaps\u00e1g is foglalkozom a k\u00f6z\u00e9p-kelet-eur\u00f3pai l\u00e9t saj\u00e1toss\u00e1gaival (pl. Godot sorozat), illetve bizonyos szempontb\u00f3l diszkrimin\u00e1lt csoportok bemutat\u00e1s\u00e1val (pl. K\u00fcls\u0151 hat\u00e1r sorozat). Term\u00e9szetesen ezek a jelenleg \u00e1ltalam haszn\u00e1lt technik\u00e1k miatt nem elkapott pillanatok, ezek \u201elass\u00fa k\u00e9pek\u201d.<\/p>\n\n\n\n<p>A t\u00f6rt\u00e9nelmi fot\u00f3elj\u00e1r\u00e1sok megismer\u00e9s\u00e9ben sokat k\u00f6sz\u00f6nhetek Seres G\u00e9z\u00e1nak, aki a Debreceni \u00daj Fot\u00f3m\u0171hely vezet\u0151je. Sokat seg\u00edtett a kezdeti l\u00e9p\u00e9sekn\u00e9l \u00e9s az archaikus technik\u00e1k ir\u00e1ny\u00e1ban t\u00f6rt\u00e9n\u0151 elt\u00f6k\u00e9lts\u00e9g\u00e9vel, szenved\u00e9lyess\u00e9g\u00e9vel megfert\u0151z\u00f6tt. Mondogathatn\u00e1m azt a klis\u00e9t, hogy fot\u00f3zz tudatosan fekete feh\u00e9rben \u00e9s akkor a tartalomra lehet koncentr\u00e1lni, de val\u00f3j\u00e1ban az ezekkel a technik\u00e1kkal t\u00f6rt\u00e9nt foglalatoskod\u00e1s term\u00e9szetes m\u00f3don t\u00fcntette el a sz\u00edneket. K\u00e9peimen nem szeretn\u00e9m azt a l\u00e1tv\u00e1nyt visszan\u00e9zni, amit a val\u00f3s\u00e1gban b\u00e1rki megfigyelhet, de ebben csak kis szerepe van a sz\u00ednek elt\u0171n\u00e9s\u00e9nek. Nincs bajom a sz\u00ednekkel, s\u0151t mostan\u00e1ban dagerrot\u00edpi\u00e1k k\u00e9sz\u00edt\u00e9s\u00e9vel k\u00eds\u00e9rletezem, a technik\u00e1t kreat\u00edvan haszn\u00e1lva \u201ef\u00f6ld\u00f6nt\u00fali\u201d sz\u00edneket igyekszem l\u00e9trehozni.<\/p>\n\n\n\n<p>2019-ben \u00e9s 2020-ban h\u00e1rom ki\u00e1ll\u00edt\u00e1ssal \u00f6sszegeztem eddigi p\u00e1ly\u00e1mat. Az <em>Id\u0151sz\u00e1m\u00edt\u00e1som el\u0151tt<\/em> (FUGA \u2013 Budapesti \u00c9p\u00edt\u00e9szeti K\u00f6zpont) c\u00edm\u0171 ki\u00e1ll\u00edt\u00e1son a korai munk\u00e1kat, az <em>Id\u0151sz\u00e1m\u00edt\u00e1som ut\u00e1n<\/em> (B32 Gal\u00e9ria \u00e9s Kult\u00fart\u00e9r) t\u00e1rlaton a kb. 10 \u00e9vre visszany\u00fal\u00f3 \u00f6sszefoglal\u00f3 projektjeimet, az <em>Id\u0151sz\u00e1m\u00edt\u00e1som szerint<\/em> (b24 Gal\u00e9ria) eset\u00e9n pedig a saj\u00e1t j\u00f6v\u0151beli terveimre utal\u00f3 k\u00e9peket mutattam be. Az \u201eid\u0151sz\u00e1m\u00edt\u00e1s\u201d kifejez\u00e9ssel itt a saj\u00e1t id\u0151sz\u00e1m\u00edt\u00e1somra utaltam. Ez az az id\u0151pont, amikort\u00f3l kiz\u00e1r\u00f3lag nedves koll\u00f3diumos vagy megjelen\u00e9s\u00e9ben ehhez hasonl\u00f3 m\u00f3dszerekkel k\u00e9sz\u00edtettem fot\u00f3imat.<\/p>\n\n\n\n<p><strong>Kiv\u00e9teles anyagismeretre tett\u00e9l szert, mik\u00f6zben gyakorlatilag minden t\u00f6rt\u00e9nelmi fot\u00f3elj\u00e1r\u00e1st kipr\u00f3b\u00e1lt\u00e1l, \u00fajra felfedezt\u00e9l, de legink\u00e1bb ehhez a 2010 \u00f3ta alkalmazott elj\u00e1r\u00e1shoz vonz\u00f3dsz, mi ennek az oka?<\/strong><\/p>\n\n\n\n<p>Igen, felv\u00e9teleim nagy r\u00e9sz\u00e9t nedves koll\u00f3diumos elj\u00e1r\u00e1ssal vagy a v\u00e9gs\u0151 megjelen\u00e9sben hasonl\u00f3 saj\u00e1t k\u00e9sz\u00edt\u00e9s\u0171 zselatinos ez\u00fcst \u00fcveglemezre k\u00e9sz\u00edtem. Nem tagadom, hogy el\u0151sz\u00f6r engem is ezen felv\u00e9telek semmihez nem hasonl\u00edthat\u00f3 megjelen\u00e9se, kontrasztja, t\u00f3nusrendje, felbont\u00e1sa, egyedi hib\u00e1i ny\u0171g\u00f6ztek le. Jobban megismerve ezt a technik\u00e1t nagyon alkalmasnak tal\u00e1ltam a kreat\u00edv anyaghaszn\u00e1latra. Mivel az elj\u00e1r\u00e1s a maga idej\u00e9ben csup\u00e1n n\u00e9h\u00e1ny \u00e9vtizedig volt n\u00e9pszer\u0171 \u00fagy gondolom, hogy rengeteg \u00faj lehet\u0151s\u00e9get, titkot rejt, a k\u00eds\u00e9rletez\u0151 \u00e9nemhez nagyon passzol. Az is nagyszer\u0171 \u00e9rz\u00e9s, hogy a lemezedre \u00f6nt\u00f6tt f\u00e9ny\u00e9rz\u00e9keny emulzi\u00f3ba a f\u00e9ny k\u00f6zvetlen\u00fcl \u201ebelev\u00e9si mag\u00e1t, megrajzolva a k\u00e9pet\u201d, a nyersanyag megegyezik a v\u00e9geredm\u00e9nnyel.<\/p>\n\n\n\n<p><strong>A gondolatorient\u00e1lt konceptualizmus hat\u00e1sa nem m\u00falt el nyomtalanul \u2013 ez m\u00e9g a kort\u00e1rs fotogr\u00e1fi\u00e1ra is igaznak t\u0171nik \u2013, ugyanakkor az elm\u00falt \u00e9vtizedekben \u00fajra fel\u00e9l\u00e9nk\u00fclt a t\u00e1rgyak anyagszer\u0171s\u00e9ge ir\u00e1nti figyelem. A posztinternet-m\u0171v\u00e9szek a vil\u00e1gh\u00e1l\u00f3 eszt\u00e9tik\u00e1j\u00e1t \u00e9s tartalmait a mat\u00e9ri\u00e1hoz rendelve, egy-egy t\u00e9rbeli szitu\u00e1ci\u00f3ban \u00e9rtelmezik \u00fajra. A digit\u00e1lis k\u00e9palkot\u00f3 elj\u00e1r\u00e1sok t\u0151led sem \u00e1llnak t\u00e1vol, de radik\u00e1lisan m\u00e1s strat\u00e9gi\u00e1val dolgozol, a legt\u00f6bb k\u00e9pedre egyfajta \u201ekorfeledts\u00e9g\u201d jellemz\u0151, adatol\u00e1s hi\u00e1ny\u00e1ban neh\u00e9z volna kital\u00e1lni, mikor is k\u00e9sz\u00fcltek. Tudatosan t\u00fcntetsz az archaikus fot\u00f3elj\u00e1r\u00e1sok alkalmaz\u00e1s\u00e1val a digit\u00e1lis k\u00e9pek t\u00faltermel\u00e9se \u00e9s korl\u00e1tlan terjeszt\u00e9se ellen, hogy visszanyerd a k\u00e9pek auratikuss\u00e1g\u00e1t?<\/strong><\/p>\n\n\n\n<p>Abszol\u00fat ki\u00e1llok \u00e9s k\u00e9pviselem a klasszikus fotogr\u00e1fia \u00e9rt\u00e9keit, de egy\u00e1ltal\u00e1n nem szeretn\u00e9k t\u00fcntetni. Olyannyira nem, hogy b\u00e1r egy korrekt k\u00e9pal\u00e1\u00edr\u00e1shoz a technika le\u00edr\u00e1sa is hozz\u00e1tartozik, de gyakran legsz\u00edvesebben elhagyn\u00e1m. Nem hiszem, hogy egy k\u00e9zm\u0171ves elj\u00e1r\u00e1ssal k\u00e9sz\u00fclt k\u00e9p csup\u00e1n a technika miatt jobb lesz egy digit\u00e1lis felv\u00e9telt\u0151l. \u00c9n is mindig j\u00f3 k\u00e9pet szeretn\u00e9k csin\u00e1lni, de ez egy \u00f6r\u00f6k bizonytalans\u00e1g, hogy el\u00e9g j\u00f3 lesz-e a fot\u00f3. Ezekre nincsenek kitaposott utak, sohasem lehetsz biztos a dolgodban, \u00e9s senki nem fogja megmondani, hogy \u00e9rheted ezt el. Lelkifurdal\u00e1s n\u00e9lk\u00fcl \u00e1tl\u00e9pem a tiszta fotogr\u00e1fiai vonal hat\u00e1rait, gyakran a v\u00e9geredm\u00e9ny \u00e9rdek\u00e9ben vegy\u00edtem a modern kor digit\u00e1lis v\u00edvm\u00e1nyait k\u00e9zm\u0171ves technik\u00e1kkal. A jelenleg tervezett munk\u00e1mban \u2013 hossz\u00fa kihagy\u00e1s ut\u00e1n \u2013 szinte csak digit\u00e1lis f\u00e9nyk\u00e9pez\u0151g\u00e9pet fogok haszn\u00e1lni.<\/p>\n\n\n\n<p>Sz\u00e1momra az archaikus elj\u00e1r\u00e1sokkal val\u00f3 foglalkoz\u00e1s egyszerre nagyon fontos \u00e9s egy\u00e1ltal\u00e1n nem fontos. Egyik oldalr\u00f3l: ugyan nem egy trendi dolog, de tisztelem a mesters\u00e9get, nekem m\u00e9g sz\u00e1m\u00edt a mesters\u00e9gbeli tud\u00e1s, az anyaggal val\u00f3 k\u00f6zvetlen kapcsolat. Szeretem k\u00e9zbe venni a k\u00e9pet, mint t\u00e1rgyat, ami ezekkel a technik\u00e1kkal elk\u00e9sz\u00edtve gyakran egyetlen \u00e9s megism\u00e9telhetetlen. Vonz a s\u00f6t\u00e9tkamra, a mag\u00e1ny, a v\u00f6r\u00f6s f\u00e9nyben elt\u00f6lt\u00f6tt id\u0151. A m\u00e1sik oldalr\u00f3l: nem szeretn\u00e9m az archaiz\u00e1l\u00f3k \u00fatj\u00e1t j\u00e1rni. A hagyom\u00e1ny\u0151rz\u00e9st nagyon tisztelem, de emiatt sohasem k\u00e9sz\u00edten\u00e9k ilyen felv\u00e9teleket. Alapvet\u0151en a vegytant sem szeretem, nem hoz izgalomba, csak k\u00e9nytelen voltam sok mindent elsaj\u00e1t\u00edtani a j\u00f3 min\u0151s\u00e9g\u0171 v\u00e9geredm\u00e9ny el\u00e9r\u00e9se \u00e9rdek\u00e9ben. A t\u00f6rt\u00e9nelmi fot\u00f3elj\u00e1r\u00e1sok sz\u00e1momra a kreat\u00edv, k\u00eds\u00e9rletez\u0151 fot\u00f3haszn\u00e1latot teremtik meg. Bizonyos id\u0151szakokban sok k\u00e9pet k\u00e9sz\u00edtettem, olykor tal\u00e1n m\u00e1r k\u00e9nyszeres m\u00f3don. K\u00fcls\u0151 szeml\u00e9l\u0151 tal\u00e1n nem l\u00e1tja az \u00edvet, nem \u00e9rti a sz\u00e1momra term\u00e9szetess\u00e9 v\u00e1lt f\u00e9nyk\u00e9pk\u00e9sz\u00edt\u00e9si m\u00f3dszer gy\u00f6ker\u00e9t, l\u00e9nyeg\u00e9t\u2026 ez nem m\u00e1s, mint a szenved\u00e9lyes k\u00eds\u00e9rletez\u00e9s. Tal\u00e1n nem v\u00e9letlen, hogy nagy kedvencem a k\u00eds\u00e9rletez\u0151 Man Ray.<\/p>\n\n\n\n<p><strong>Man Ray emblematikus fot\u00f3i k\u00f6z\u00e9 tartoznak azok a portr\u00e9k, amelyeken a Rrose Selavyv\u00e1 \u00e1talakult Duchamp t\u0171nik fel, ut\u00f3bbi egy\u00e9bk\u00e9nt is sz\u00edvesen haszn\u00e1lt \u00e1lneveket. A Burai \u00c1rp\u00e1ddal k\u00f6z\u00f6s, <em>Fictures <\/em>(2021) c\u00edm\u0171 projektetekben ti is k\u00eds\u00e9rletet tettetek a befogad\u00f3i viszonyok felforgat\u00e1s\u00e1ra, hiszen a portr\u00e9fot\u00f3knak \u00e1ldokumentarista jelleget k\u00f6lcs\u00f6n\u00f6znek a j\u00e1t\u00e9kos k\u00e9pal\u00e1\u00edr\u00e1sok, amelyek kifejtett t\u00f6rt\u00e9netek form\u00e1j\u00e1ban is meger\u0151s\u00edt\u00e9st nyernek a botr\u00e1nyos, k\u00fcl\u00f6n\u00f6s \u00e9lett\u00f6rt\u00e9neteket el\u0151t\u00e9rbe \u00e1ll\u00edt\u00f3 Burai-kispr\u00f3z\u00e1kkal. Mintha Susan Sontag megjegyz\u00e9s\u00e9t igazoln\u00e1tok, aki <em>A szenved\u00e9s k\u00e9pei<\/em>ben azt \u00edrta, a f\u00e9nyk\u00e9pek csak arra v\u00e1rnak, hogy felirataik \u00e9rtelmezz\u00e9k, illetve meghamis\u00edts\u00e1k \u0151ket.<\/strong> <strong>Vajon minden f\u00e9nyk\u00e9p ki van szolg\u00e1ltatva a sz\u00f6vegek akarat\u00e1nak? Utalt\u00e1l r\u00e1, hogy sz\u00edved szerint sokszor ink\u00e1bb elhagyn\u00e1d a k\u00e9pal\u00e1\u00edr\u00e1sokat, mi az akad\u00e1lya?<\/strong><\/p>\n\n\n\n<p>A k\u00e9pal\u00e1\u00edr\u00e1sok fontosak, r\u00e9sz\u00e9t k\u00e9pezik egy fotogr\u00e1fia bemutat\u00e1s\u00e1nak. A technika megnevez\u00e9se szempontj\u00e1b\u00f3l utaltam r\u00e1, hogy a n\u00e9z\u0151 megsz\u00f3l\u00edt\u00e1s\u00e1hoz nem felt\u00e9tlen\u00fcl kell tudnia, hogy milyen m\u00f3dszerrel k\u00e9sz\u00fclt a k\u00e9p. A fot\u00f3 c\u00edme, mint sz\u00f6veg meghat\u00e1roz\u00f3 lehet. Van amikor nagyon fontos egy k\u00e9pc\u00edm, lsd a Fictures sorozatom, mert jelent\u0151s szerepe van a koncepci\u00f3 szempontj\u00e1b\u00f3l, de legt\u00f6bbsz\u00f6r igyekszem a c\u00edmet elhagyni, a j\u00f3 befogad\u00f3nak nem kell seg\u00edts\u00e9g.<\/p>\n\n\n\n<p>Engem is er\u0151teljesen foglalkoztatnak a fotogr\u00e1fia alap gondolatai, a t\u00e9r-id\u0151, a val\u00f3s\u00e1g-virtualit\u00e1s \u00e9s az igaz-hamis fogalmak hat\u00e1rai. A technik\u00e1kkal val\u00f3 k\u00eds\u00e9rletez\u00e9s sor\u00e1n a val\u00f3s\u00e1g ill\u00fazi\u00f3j\u00e1nak kelt\u00e9se sz\u00e1momra nagyon izgalmas dolog. Sz\u00e1mos projektem ezt a t\u00e9mak\u00f6rt j\u00e1rja k\u00f6r\u00fcl. \u00c9vek \u00f3ta foglalkozom a <em>virtu\u00e1lis <\/em>sorozattal. Felv\u00e9telek k\u00e9sz\u00fclnek anal\u00f3g m\u00f3don, emellett csak digit\u00e1lisan el\u00e9rhet\u0151, b\u00e1r val\u00f3s vagy teljesen virtu\u00e1lis szerepl\u0151kr\u0151l, helysz\u00ednekr\u0151l, t\u00e1jakr\u00f3l (internet, tal\u00e1lt \u00fcvegnegat\u00edvok vide\u00f3 j\u00e1t\u00e9kok szerepl\u0151i). T\u00e1volr\u00f3l szeml\u00e9lve az egym\u00e1s mellett install\u00e1lt k\u00e9peken a val\u00f3s\u00e1g \u00e9s a virtualit\u00e1s hat\u00e1rai elmos\u00f3dnak, a szeml\u00e9l\u0151nek az el\u0151zm\u00e9nyek ismerete n\u00e9lk\u00fcl csak az egyedi k\u00e9pek vannak. De eml\u00edthetem a <em>Timepixels<\/em> projektet is. Ebben k\u00eds\u00e9rletet teszek \u201eid\u0151 l\u00e1that\u00f3v\u00e1 t\u00e9tel\u00e9re\u201d. Megv\u00e1ltozik a t\u00e9r, m\u00e1sk\u00e9ppen k\u00e9pz\u0151dik le a l\u00e1tv\u00e1ny \u00e9s a t\u00f6rt\u00e9net. A felv\u00e9teleken 30-90 m\u00e1sodperc vide\u00f3felv\u00e9tel t\u00f6rt\u00e9n\u00e9sei r\u00f6gz\u00fclnek egy \u00e1ll\u00f3k\u00e9pben. A k\u00e9pek kiindul\u00e1sa mozg\u00f3film, a vide\u00f3 k\u00e9pkoc\u00e1kra, a k\u00e9pkock\u00e1k pixelekre val\u00f3 bont\u00e1sa ut\u00e1n \u00fajra \u00e9p\u00fcl a k\u00e9p. A v\u00e9gs\u0151 megjelen\u00e9s nagyon val\u00f3di, egyedi, k\u00e9zbe foghat\u00f3, z\u00f6m\u00e9ben t\u00f6rt\u00e9nelmi technik\u00e1val k\u00e9sz\u00fclt.<\/p>\n\n\n\n<p>Ebbe a sorba illeszkedik az \u00e1ltalad eml\u00edtett <em>Fictures<\/em> projekt is. A face news kor\u00e1ban a \u201eval\u00f3s\u00e1g\u00e1br\u00e1zol\u00e1s\u201d a m\u00e9di\u00e1ban nagyon bizonytalan kifejez\u00e9s\u00e9v\u00e9 v\u00e1lt.<\/p>\n\n\n\n<p>A projektben szerepl\u0151 k\u00e9peken klasszikus fotogr\u00e1fiai eszk\u00f6z\u00f6ket haszn\u00e1lva k\u00fcl\u00f6nleges emberek mutatok be. Ebben az esetben, a hiteless\u00e9g er\u0151s\u00edt\u00e9se miatt nagyon fontos szerep jut a prec\u00edz k\u00e9pal\u00e1\u00edr\u00e1soknak (n\u00e9v, helysz\u00edn, id\u0151pont). A k\u00e9peket k\u00eds\u00e9rik a k\u00e9pen szerepl\u0151k \u00e9let\u00e9nek fontos esem\u00e9nyeit vagy csak gondolatit id\u00e9z\u0151 sz\u00f6vegek. Ember\u00e1br\u00e1zol\u00e1s \u00e9s k\u00e9pal\u00e1\u00edr\u00e1s. A k\u00e9p, a sz\u00f6veg \u00e9s a befogad\u00f3 h\u00e1romsz\u00f6g\u00e9b\u0151l sz\u00fcletik meg egy saj\u00e1tos val\u00f3s\u00e1g, amely lehet, hogy igazi, de az is lehet, hogy nem az. Az olvas\u00f3-n\u00e9z\u0151re van b\u00edzva A technika itt is, mint a kor\u00e1bbiak eset\u00e9ben a v\u00e9geredm\u00e9ny szolg\u00e1lat\u00e1ba van \u00e1ll\u00edtva. Az anyagi vil\u00e1ghoz er\u0151sen k\u00f6thet\u0151, t\u00f6rt\u00e9nelmi elj\u00e1r\u00e1sok m\u00e9g ink\u00e1bb a jelen, a val\u00f3s\u00e1gos, az ott \u00e9s akkor megt\u00f6rt\u00e9nts\u00e9g \u00e9rz\u00e9s\u00e9t er\u0151s\u00edtik.<\/p>\n\n\n\n<p><strong>H\u00e1rom \u00e9v alatt h\u00e1rom kiadv\u00e1nyod is megjelent, a 10 \u00e9ves peri\u00f3dus k\u00e9peib\u0151l v\u00e1logat\u00f3 sz\u00e9p album ut\u00e1n a k\u00e9t frissebb m\u00e1r k\u00e9p \u00e9s sz\u00f6veg viszonylatait kutatja, sz\u00e9p\u00edr\u00f3kkal kollabor\u00e1ci\u00f3ban. Milyen lehet\u0151s\u00e9get l\u00e1tsz a m\u0171v\u00e9szetk\u00f6zi egy\u00fcttm\u0171k\u00f6d\u00e9sekben, \u00e9s egy\u00e1ltal\u00e1n ezekben az exkluz\u00edv, limit\u00e1lt p\u00e9ld\u00e1nysz\u00e1m\u00fa albumokban?<\/strong><\/p>\n\n\n\n<p>\u00c9n nagyon b\u00edzom benne, ahogy az anal\u00f3g fotogr\u00e1fi\u00e1nak \u00fagy a val\u00f3di k\u00f6nyvnek is van j\u00f6v\u0151je. Azt is tudom, hogy kiz\u00e1r\u00f3lag printfetisiszt\u00e1nak manaps\u00e1g m\u00e1r nem lehet lenni. Amennyire szeretem a fotogr\u00e1fi\u00e1ban az anyagokkal val\u00f3 kapcsolatot \u00fagy kedvemre val\u00f3 a lapok fog\u00e1sa, a lapoz\u00e1s, az illat \u00e9s az hogy egy k\u00f6nyv a lak\u00e1sban helyet k\u00f6vetel mag\u00e1nak, nem b\u00fajhat el f\u00e1jlok form\u00e1j\u00e1ban. Egy fot\u00f3albumra, amiben egybek\u00f6tve k\u00e9pek vannak m\u00e9g ink\u00e1bb igaz ez. A <em>Silver<\/em> albumban saj\u00e1t gondolatmenetem szerint s\u0171r\u00edtettem \u00f6ssze sok \u00e9v k\u00e9peit. K\u00e9zbe foghat\u00f3 k\u00e9pek, k\u00e9zbe foghat\u00f3 k\u00f6nyvben ,ami rem\u00e9lem, mint t\u00e1rgy \u00f6n\u00e1ll\u00f3an is meg\u00e1llja a hely\u00e9t. Magas min\u0151s\u00e9g\u0171 lett a kiad\u00e1s \u00e9s a fotogr\u00e1fiai hagyom\u00e1nyokat is megid\u00e9z\u0151en limit\u00e1lt p\u00e9ld\u00e1nysz\u00e1m\u00fa, sorsz\u00e1mozott, al\u00e1\u00edrt. A m\u00e1sik k\u00e9t k\u00f6nyvben k\u00e9pek \u00e9s sz\u00f6vegek egy\u00fctt jelennek meg. A <em>Leveg\u0151<\/em> c\u00edm\u0171 kis, intim albumban Kis M\u00f3nika \u00edrt k\u00e9peimhez komoly, z\u00f6m\u00e9ben komor, s\u00falyos sz\u00f6vegeket. A kor\u00e1bban eml\u00edtett <em>Fictures<\/em> albumban pedig Burai \u00c1rpi \u00edrt olykor megd\u00f6bbent\u0151, bizarr, hol vicces vagy botr\u00e1nyos, t\u00f6rt\u00e9neteket.<\/p>\n\n\n\n<p>Alapvet\u0151en is irodalom kedvel\u0151 vagyok. J\u00f3 egy\u00fctt\u00e1ll\u00e1s,ha egy helyen, egym\u00e1st er\u0151s\u00edtve j\u00f6n l\u00e9tre m\u00e9diumok k\u00f6z\u00f6tti dial\u00f3gus. Mennyire izgalmas dolog, hogy egy k\u00e9pedr\u0151l egy m\u00e1sik szerz\u0151 a saj\u00e1t m\u00e9diuma formanyelv\u00e9t j\u00f3l haszn\u00e1lva tud besz\u00e9lni, m\u00e9g az is lehet, hogy \u00e9rthet\u0151bben teszi, de mindenk\u00e9ppen m\u00e1s aspektusb\u00f3l k\u00f6zvet\u00edt. A bet\u0171 \u00e9s a k\u00e9p egy\u00fctt pedig nekem pap\u00edr\u00e9rt ki\u00e1llt.<\/p>\n\n\n\n<p><strong>Utalt\u00e1l m\u00e1r a korszakz\u00e1r\u00e1st sugall\u00f3 ki\u00e1ll\u00edt\u00e1sh\u00e1rmasra. A j\u00f6v\u0151 ir\u00e1ny\u00e1ba tekint\u0151 <em>Id\u0151sz\u00e1m\u00edt\u00e1som szerint<\/em> eset\u00e9n egy k\u00fcl\u00f6nleges, a b24 Gal\u00e9ria ter\u00e9t v\u00f6r\u00f6s f\u00e9ny\u00e9vel ural\u00f3 install\u00e1ci\u00f3 is helyet kapott. A <em>Testk\u00e9pek<\/em> (2020) sorozat darabjain r\u00f6ntgenfelv\u00e9telekre friss expon\u00e1l\u00e1ssal r\u00f6gz\u00edtett\u00e9l \u00fajabb r\u00e9teget. \u00c9rdekel a fot\u00f3m\u0171v\u00e9szet hat\u00e1rain t\u00falra mutat\u00f3 k\u00eds\u00e9rletez\u00e9s, ezzel is k\u00eds\u00e9rletezel?<\/strong><\/p>\n\n\n\n<p>Igen, ezeknek az alapja is a k\u00eds\u00e9rletezget\u00e9s, a m\u00e9diumok kever\u00e9se, a val\u00f3s\u00e1g-virtualit\u00e1s kett\u0151ss\u00e9g\u00e9vel, a val\u00f3s\u00e1g-l\u00e1tv\u00e1ny \u00e1thangol\u00e1s\u00e1val val\u00f3 foglalkoz\u00e1s. A technika itt is ezt szolg\u00e1lja. Kor\u00e1bban <em>Archaikus layerek<\/em> elnev\u00e9ssel k\u00e9sz\u00edtettem m\u00e1r t\u00f6bb r\u00e9tegb\u0151l \u00e1ll\u00f3 k\u00e9peket, nagyon hasonl\u00f3an a <em>Testk\u00e9pekhez<\/em>. Tiszta \u00fcvegen az ambrot\u00edpi\u00e1k (nedves koll\u00f3diumos pozit\u00edv) transzparensek, pozit\u00edv k\u00e9pk\u00e9nt azon r\u00e9szleteket l\u00e1tjuk csak, melyek m\u00f6g\u00f6tt fekete h\u00e1tt\u00e9r van. A transzparencia lehet\u0151s\u00e9get ad t\u00f6bb r\u00e9teg (lemez, vagy a testk\u00e9pek eset\u00e9n egym\u00e1sra \u00f6nt\u00f6tt f\u00e9ny\u00e9rz\u00e9keny r\u00e9tegek) egy\u00fcttes haszn\u00e1lat\u00e1ra, a v\u00e9geredm\u00e9ny, megv\u00e1ltozott l\u00e1tv\u00e1ny az egym\u00e1s m\u00f6g\u00e9 helyezett r\u00e9tegekb\u0151l alakul ki, hasonl\u00f3an mint a photoshopban az egym\u00e1son l\u00e9v\u0151 layerek eset\u00e9ben. A <em>Testk\u00e9pek<\/em>en egy adott tetr\u00e9szr\u0151l k\u00e9sz\u00fclt r\u00f6ntgen felv\u00e9telre ker\u00fclt fel\u00f6ntve egy \u00faj r\u00e9teg \u00e9rz\u00e9keny\u00edtett koll\u00f3dium \u00e9s ezt a kamer\u00e1ban \u00fajra expon\u00e1ltam. Az \u00edgy t\u00f6bbr\u00e9teg\u0171v\u00e9 v\u00e1lt r\u00f6ntgen film egy \u00e1tvil\u00e1g\u00edt\u00f3 lightboxba ker\u00fclt \u00e9s k\u00e9t arc\u00e1t mutatja. H\u00e1tulr\u00f3l \u00e1tvil\u00e1g\u00edtva az eredeti r\u00f6ntgen felv\u00e9tel mutatkozik, csup\u00e1n el\u00fcls\u0151 bees\u0151 f\u00e9nyt haszn\u00e1lva(mint nedves koll\u00f3diumos pozit\u00edv)a m\u00e1sodik r\u00e9teg k\u00e9pe l\u00e1that\u00f3 csup\u00e1n.<\/p>\n\n\n\n<p><strong>A k\u00e9peidre egyfajta sokhang\u00fas\u00e1g jellemz\u0151, amihez a technikai k\u00eds\u00e9rletez\u00e9s mellett a v\u00e1ltozatos t\u00e1rgyv\u00e1laszt\u00e1s is hozz\u00e1j\u00e1rul. Van-e kedvenc t\u00e9m\u00e1d? Engem k\u00fcl\u00f6n\u00f6sen az egy-egy objektumot k\u00f6zpontba \u00e1ll\u00edt\u00f3 t\u00e1rgyfot\u00f3id ny\u0171g\u00f6znek le, amelyeket \u00e1that egy metafizikai bizonytalans\u00e1g. Ink\u00e1bb az emberre utal\u00f3 nyomok \u00e9rdekelnek \u2013 mint az a <em>Mikrokozmosz<\/em> sorozat (2012) eset\u00e9n \u00e9rezhet\u0151, ahol a testfragmentumok maguk tesznek szert t\u00e1rgyszer\u0171 min\u0151s\u00e9gre \u2013, vagy ink\u00e1bb mint ember \u00e1ltal kisaj\u00e1t\u00edtott, form\u00e1t kap\u00f3 mat\u00e9ri\u00e1k \u00e9rdekesek sz\u00e1modra a t\u00e1rgyak?<\/strong><\/p>\n\n\n\n<p>Nem tudn\u00e9k kedvenc t\u00e9m\u00e1t v\u00e1lasztani: A nedves koll\u00f3diumos elj\u00e1r\u00e1sban a portr\u00e9k\u00e9sz\u00edt\u00e9snek vannak a legnagyobb hagyom\u00e1nyai, ennek ellen\u00e9re engem manaps\u00e1g ez izgat a legkev\u00e9sb\u00e9. A t\u00e1rgyak fot\u00f3z\u00e1sa sz\u00e1momra semmik\u00e9ppen nem alkalmazott m\u00f3don val\u00f3 megjelen\u00edt\u00e9s. Egyr\u00e9szt kih\u00edv\u00e1s abb\u00f3l a szempontb\u00f3l, hogy mennyire vagy k\u00e9pes az ismert formanyelvet j\u00f3l haszn\u00e1lni \u00e9s ezzel pontosan kifejezni valamit. Ezzel szemben, ami sokkal izgalmasabb hogyan tudod a val\u00f3s\u00e1got \u00e1talak\u00edtani, a konkr\u00e9t objektnek m\u00e1s, ak\u00e1r szimbolikus jelent\u00e9seket adni. A t\u00e1rgyat a mag\u00e1t\u00f3l \u00e9rtet\u0151d\u0151 funkci\u00f3j\u00e1t\u00f3l megszabad\u00edtani, m\u00e1s jelent\u00e9sekkel felruh\u00e1zni. A <em>Mikrokozmosz<\/em> sorozatban a test-testr\u00e9sz t\u00e1rgyias\u00edt\u00e1sa t\u00f6rt\u00e9nik meg. A testet mint a Hellenisztikus hagyom\u00e1ny szerinti \u201ekis vil\u00e1gunkat\u201d vizu\u00e1lisan meghat\u00e1rozott szerkezet jellemi. Sejtek, sz\u00f6vetek, szervek s\u00e9r\u00fcl\u00e9kenyek, ak\u00e1r csak a koll\u00f3dium. \u00c9let\u00fcnkben \u00e9s hal\u00e1lunk ut\u00e1n nyomokat viselnek, t\u00f6rt\u00e9neteket mes\u00e9lnek. Ezek meg\u0151rizhet\u0151k.<\/p>\n\n\n\n<p><strong>Egy ideje a mesters\u00e9gbeli tud\u00e1s \u00e1tad\u00e1s\u00e1ban is nagy szerepet v\u00e1llalsz, workshopokat is tartasz, a gyakorlati \u00e9s elm\u00e9leti ismeretek \u00e1tad\u00e1s\u00e1n dolgozol. Milyennek l\u00e1tod az \u00fajabb fot\u00f3s gener\u00e1ci\u00f3t, \u00e9s egy\u00e1ltal\u00e1n mi az a h\u00e1rom dolog, amire minden a profizmus ir\u00e1ny\u00e1ba t\u00f6rekv\u0151 fot\u00f3snak felh\u00edvn\u00e1d a figyelm\u00e9t?<\/strong><\/p>\n\n\n\n<p>Egy\u00e9ni \u00e9s csoportos form\u00e1ban tartok bemutat\u00f3kat vagy workshopokat. Id\u00e9n ny\u00e1ron, m\u00e1r sokadik \u00e9ve rendezem meg a saj\u00e1t Brownhand koll\u00f3diumos workshopot. Az ut\u00f3bbi \u00e9vekben a Bugaci Kontakt Fotogr\u00e1fiai t\u00e1borral k\u00f6t\u00f6tt\u00fck \u00f6ssze ezt az esem\u00e9nyt. A r\u00e9sztvev\u0151k k\u00f6zeli bepillant\u00e1st kaphatnak az elj\u00e1r\u00e1s rejtelmeibe, kipr\u00f3b\u00e1lhatj\u00e1k magukat a gyakorlatban, inspir\u00e1l\u00f3dhatnak, \u00faj szeml\u00e9letet szerezhetnek vagy ak\u00e1r az ezekkel a technik\u00e1kkal val\u00f3 komolyabb, elhivatott foglalatoskod\u00e1s kezdeti l\u00e9p\u00e9seit is megtehetik. Mindegyikre volt m\u00e1r p\u00e9lda. Ezekben az \u00f6sszej\u00f6vetelekben \u00e9n a lelassul\u00e1st, a szeml\u00e9letform\u00e1l\u00e1st \u00e9s az egy\u00fcttl\u00e9t \u00f6r\u00f6m\u00e9t l\u00e1tom a legfontosabbnak.<\/p>\n\n\n\n<p>Technik\u00e1t\u00f3l \u00e9s k\u00e9pzetts\u00e9gt\u0151l f\u00fcggetlen\u00fcl sok tehets\u00e9ges fiatal munk\u00e1lkod\u00e1s\u00e1t figyelem. Tan\u00e1csot semmik\u00e9ppen sem adn\u00e9k, ink\u00e1bb magamnak c\u00edmezem, de h\u00e1tha m\u00e1s is megsz\u00edvleli: Az els\u0151 az, hogy ne feledkezz el a mesters\u00e9gr\u0151l, szerezz min\u00e9l t\u00f6bb tud\u00e1st, n\u00e9zz rengeteg k\u00e9pet, tanulm\u00e1nyozd a fot\u00f3t\u00f6rt\u00e9netet \u00e9s a kort\u00e1rs \u00e1ramlatokat is. A m\u00e1sodik hogy n\u00e9ha tedd le a g\u00e9pet \u00e9s foglalkozz minden m\u00e1s m\u0171v\u00e9szeti \u00e1ggal ak\u00e1r akt\u00edvan vagy passz\u00edvan, mer\u00fclj el egy kicsit a vil\u00e1g nagy m\u0171v\u00e9szeti \u00e1ramlataiba. A harmadik pedig az, hogy a fotogr\u00e1fi\u00e1hoz is (mint sok m\u00e1s mindenhez) csak szenved\u00e9lyesen lehet k\u00f6zel\u00edteni. Te magad legy\u00e9l az oka annak, hogy f\u00e9nyk\u00e9pet k\u00e9sz\u00edtesz. Amennyire lehet, 1-2 referencia szem\u00e9ly kiv\u00e9tel\u00e9vel ne foglalkozz azzal, hogy m\u00e1sok mit gondolnak a m\u0171v\u00e9szetr\u0151l vagy a m\u0171v\u00e9szetedr\u0151l, az vagy amit magadr\u00f3l gondolsz. Neh\u00e9z ezeket megtenni \u00e9n is igyekszem, m\u00e9g tanulom\u2026<\/p>\n\n\n\n<p><\/p>\n\n\n\n<p><\/p>\n\n\n\n<p><\/p>\n","protected":false},"excerpt":{"rendered":"<p>Civilben orvosk\u00e9nt, gyerekpszichi\u00e1terk\u00e9nt dolgozol. Mennyire \u00e9rzed ennek a term\u00e9keny\u00edt\u0151 hat\u00e1s\u00e1t a fotogr\u00e1fiai praxisodban? K\u00f6lcs\u00f6nhat\u00e1sban van vagy ink\u00e1bb komplementer viszonyban eg\u00e9sz\u00edti ki egym\u00e1st az \u00e9letedben ez a k\u00e9t hivat\u00e1s? Nem szeretem keverni a k\u00e9t dolgot, s\u0151t, igyekszem elv\u00e1lasztani. Tagadhatatlan azonban, hogy a pszichol\u00f3gi\u00e1hoz val\u00f3 vonz\u00f3d\u00e1som meghat\u00e1roz\u00f3 a fotogr\u00e1fiai munk\u00e1imban. Ez sokszor tetten \u00e9rhet\u0151 a t\u00e9mav\u00e1laszt\u00e1sban, a [&hellip;]<\/p>\n","protected":false},"author":2,"featured_media":471,"comment_status":"open","ping_status":"open","sticky":false,"template":"","format":"standard","meta":{"footnotes":""},"categories":[1],"tags":[],"class_list":["post-470","post","type-post","status-publish","format-standard","has-post-thumbnail","hentry","category-egyeb"],"_links":{"self":[{"href":"https:\/\/tamasvarga.hu\/index.php?rest_route=\/wp\/v2\/posts\/470","targetHints":{"allow":["GET"]}}],"collection":[{"href":"https:\/\/tamasvarga.hu\/index.php?rest_route=\/wp\/v2\/posts"}],"about":[{"href":"https:\/\/tamasvarga.hu\/index.php?rest_route=\/wp\/v2\/types\/post"}],"author":[{"embeddable":true,"href":"https:\/\/tamasvarga.hu\/index.php?rest_route=\/wp\/v2\/users\/2"}],"replies":[{"embeddable":true,"href":"https:\/\/tamasvarga.hu\/index.php?rest_route=%2Fwp%2Fv2%2Fcomments&post=470"}],"version-history":[{"count":1,"href":"https:\/\/tamasvarga.hu\/index.php?rest_route=\/wp\/v2\/posts\/470\/revisions"}],"predecessor-version":[{"id":474,"href":"https:\/\/tamasvarga.hu\/index.php?rest_route=\/wp\/v2\/posts\/470\/revisions\/474"}],"wp:featuredmedia":[{"embeddable":true,"href":"https:\/\/tamasvarga.hu\/index.php?rest_route=\/wp\/v2\/media\/471"}],"wp:attachment":[{"href":"https:\/\/tamasvarga.hu\/index.php?rest_route=%2Fwp%2Fv2%2Fmedia&parent=470"}],"wp:term":[{"taxonomy":"category","embeddable":true,"href":"https:\/\/tamasvarga.hu\/index.php?rest_route=%2Fwp%2Fv2%2Fcategories&post=470"},{"taxonomy":"post_tag","embeddable":true,"href":"https:\/\/tamasvarga.hu\/index.php?rest_route=%2Fwp%2Fv2%2Ftags&post=470"}],"curies":[{"name":"wp","href":"https:\/\/api.w.org\/{rel}","templated":true}]}}